{"id":13,"count":1,"description":"","link":"https:\/\/anniekucharcik.com\/hu\/tag\/tel-jegeso-winter-magyar-hungarian\/","name":"#t\u00e9l #j\u00e9ges\u0151 #winter #magyar #hungarian","slug":"tel-jegeso-winter-magyar-hungarian","taxonomy":"post_tag","meta":[],"_links":{"self":[{"href":"https:\/\/anniekucharcik.com\/hu\/wp-json\/wp\/v2\/tags\/13","targetHints":{"allow":["GET"]}}],"collection":[{"href":"https:\/\/anniekucharcik.com\/hu\/wp-json\/wp\/v2\/tags"}],"about":[{"href":"https:\/\/anniekucharcik.com\/hu\/wp-json\/wp\/v2\/taxonomies\/post_tag"}],"wp:post_type":[{"href":"https:\/\/anniekucharcik.com\/hu\/wp-json\/wp\/v2\/posts?tags=13"}],"curies":[{"name":"wp","href":"https:\/\/api.w.org\/{rel}","templated":true}]}}