{"id":687,"date":"2026-08-28T07:38:13","date_gmt":"2026-08-28T13:38:13","guid":{"rendered":"https:\/\/anniekucharcik.com\/hu\/?p=687"},"modified":"2026-08-28T07:39:56","modified_gmt":"2026-08-28T13:39:56","slug":"a-tel-asszonya","status":"publish","type":"post","link":"https:\/\/anniekucharcik.com\/hu\/2026\/08\/28\/a-tel-asszonya\/","title":{"rendered":"A t\u00e9l asszonya"},"content":{"rendered":"<p>A t\u00e9l asszonya<br \/>\nSug\u00e1r, d\u00e9lceg<br \/>\nHalv\u00e1ny arca von\u00e1sait<br \/>\nH\u00f3pelyhek bec\u00e9zik <\/p>\n<p>Jeges tekintete<br \/>\nT\u00f3 fagyott t\u00fckre &#8211;<br \/>\nEzer szolga f\u00e9li<\/p>\n<p>\u00c9s amikor<br \/>\nHabos felh\u0151\u00e1gy\u00e1n<br \/>\nHideg szemh\u00e9ja<br \/>\nFelny\u00edlik,<br \/>\nSzobal\u00e1nya<br \/>\nK\u00f6nt\u00f6se ut\u00e1n ny\u00fal<\/p>\n<p>Keszty\u0171 lebben<br \/>\nKincse f\u00e9nylik<\/p>\n<p>J\u00e9gk\u00f6nnyekb\u0151l<br \/>\nF\u0171z\u00f6tt gy\u00f6ngysora<br \/>\nA komorna ujjai<br \/>\nK\u00f6z\u00f6tt siklik<\/p>\n<p>Felcsatoln\u00e1 &#8211;<br \/>\nDe az \u00e9kszer<br \/>\nSima m\u00e1rv\u00e1nyra<br \/>\nKoppan<\/p>\n<p>\u00c9s ahogy krist\u00e1lya<br \/>\nEzer ir\u00e1nyba<br \/>\nGurul szertesz\u00e9t<\/p>\n<p>Csillog\u00f3, apr\u00f3<br \/>\nGy\u00f6ngyk\u00e9nt<br \/>\nSz\u00f3r\u00f3dik, pattog<br \/>\nA j\u00e9ges\u0151<br \/>\nMez\u0151re<br \/>\nKerti vir\u00e1gra<\/p>\n<p>Egy f\u00fclleszt\u0151 ny\u00e1ri<br \/>\nD\u00e9lut\u00e1n<\/p>\n","protected":false},"excerpt":{"rendered":"<p>A t\u00e9l asszonya Sug\u00e1r, d\u00e9lceg Halv\u00e1ny arca von\u00e1sait H\u00f3pelyhek bec\u00e9zik Jeges tekintete T\u00f3 fagyott t\u00fckre &#8211; Ezer szolga f\u00e9li \u00c9s amikor Habos felh\u0151\u00e1gy\u00e1n Hideg szemh\u00e9ja Felny\u00edlik, Szobal\u00e1nya K\u00f6nt\u00f6se ut\u00e1n ny\u00fal Keszty\u0171 lebben Kincse f\u00e9nylik J\u00e9gk\u00f6nnyekb\u0151l F\u0171z\u00f6tt gy\u00f6ngysora A komorna ujjai K\u00f6z\u00f6tt siklik Felcsatoln\u00e1 &#8211; De az \u00e9kszer Sima m\u00e1rv\u00e1nyra Koppan \u00c9s ahogy krist\u00e1lya Ezer ir\u00e1nyba &hellip; <\/p>\n<p class=\"link-more\"><a href=\"https:\/\/anniekucharcik.com\/hu\/2026\/08\/28\/a-tel-asszonya\/\" class=\"more-link\"><span class=\"screen-reader-text\">&#8220;A t\u00e9l asszonya&#8221;<\/span> b\u0151vebben<\/a><\/p>\n","protected":false},"author":1,"featured_media":694,"comment_status":"open","ping_status":"open","sticky":false,"template":"","format":"standard","meta":{"nf_dc_page":"","jetpack_post_was_ever_published":false,"_jetpack_newsletter_access":"","_jetpack_dont_email_post_to_subs":false,"_jetpack_newsletter_tier_id":0,"_jetpack_memberships_contains_paywalled_content":false,"_jetpack_memberships_contains_paid_content":false,"footnotes":"","jetpack_publicize_message":"","jetpack_publicize_feature_enabled":true,"jetpack_social_post_already_shared":true,"jetpack_social_options":{"image_generator_settings":{"template":"highway","enabled":false},"version":2}},"categories":[4],"tags":[9,8,13],"class_list":["post-687","post","type-post","status-publish","format-standard","has-post-thumbnail","hentry","category-versek","tag-anniekucharcik","tag-annika_writes","tag-tel-jegeso-winter-magyar-hungarian"],"jetpack_publicize_connections":[],"jetpack_featured_media_url":"https:\/\/i0.wp.com\/anniekucharcik.com\/hu\/wp-content\/uploads\/2026\/08\/IMG_2218.jpeg?fit=1024%2C768&ssl=1","jetpack_sharing_enabled":true,"jetpack_shortlink":"https:\/\/wp.me\/paskpk-b5","jetpack-related-posts":[],"post_mailing_queue_ids":[],"_links":{"self":[{"href":"https:\/\/anniekucharcik.com\/hu\/wp-json\/wp\/v2\/posts\/687","targetHints":{"allow":["GET"]}}],"collection":[{"href":"https:\/\/anniekucharcik.com\/hu\/wp-json\/wp\/v2\/posts"}],"about":[{"href":"https:\/\/anniekucharcik.com\/hu\/wp-json\/wp\/v2\/types\/post"}],"author":[{"embeddable":true,"href":"https:\/\/anniekucharcik.com\/hu\/wp-json\/wp\/v2\/users\/1"}],"replies":[{"embeddable":true,"href":"https:\/\/anniekucharcik.com\/hu\/wp-json\/wp\/v2\/comments?post=687"}],"version-history":[{"count":1,"href":"https:\/\/anniekucharcik.com\/hu\/wp-json\/wp\/v2\/posts\/687\/revisions"}],"predecessor-version":[{"id":690,"href":"https:\/\/anniekucharcik.com\/hu\/wp-json\/wp\/v2\/posts\/687\/revisions\/690"}],"wp:featuredmedia":[{"embeddable":true,"href":"https:\/\/anniekucharcik.com\/hu\/wp-json\/wp\/v2\/media\/694"}],"wp:attachment":[{"href":"https:\/\/anniekucharcik.com\/hu\/wp-json\/wp\/v2\/media?parent=687"}],"wp:term":[{"taxonomy":"category","embeddable":true,"href":"https:\/\/anniekucharcik.com\/hu\/wp-json\/wp\/v2\/categories?post=687"},{"taxonomy":"post_tag","embeddable":true,"href":"https:\/\/anniekucharcik.com\/hu\/wp-json\/wp\/v2\/tags?post=687"}],"curies":[{"name":"wp","href":"https:\/\/api.w.org\/{rel}","templated":true}]}}