{"id":683,"date":"2026-08-11T18:50:34","date_gmt":"2026-08-12T00:50:34","guid":{"rendered":"https:\/\/anniekucharcik.com\/hu\/?p=683"},"modified":"2026-08-11T18:50:34","modified_gmt":"2026-08-12T00:50:34","slug":"nyari-varazslat","status":"publish","type":"post","link":"https:\/\/anniekucharcik.com\/hu\/2026\/08\/11\/nyari-varazslat\/","title":{"rendered":"Ny\u00e1ri var\u00e1zslat"},"content":{"rendered":"<p>A ny\u00e1ri var\u00e1zslatnak<br \/>\nMez\u00edtl\u00e1bas l\u00e9ptei vannak<\/p>\n<p>V\u00e9gigcammog<br \/>\nA strandon<br \/>\nNedves nyomokat<br \/>\nHagyva maga ut\u00e1n<br \/>\nA l\u00e1ngosos b\u00f3d\u00e9 fel\u00e9<\/p>\n<p>Telesz\u00edvja mag\u00e1t<br \/>\nFokhagym\u00e1s-tejf\u00f6l\u00f6s er\u0151vel<br \/>\n\u00c9s b\u00e9k\u00e9sen nyugt\u00e1zza<br \/>\nA forr\u00f3 napon olvad\u00f3<br \/>\nA reszteltsajt-morzs\u00e1kat<\/p>\n<p>H\u0171s\u00edt\u0151 enyh\u00fcl\u00e9st rem\u00e9l<br \/>\nA gy\u00f6ngy\u00f6z\u0151 pilzeni<br \/>\n\u00c1rny\u00e9k\u00e1ban <\/p>\n<p>\u00c1tbaktat a z\u00f6ld gyepen<\/p>\n<p>\u00c9s ahogy a k\u00e9kl\u0151 medence<br \/>\nCsobban\u00f3 vize<br \/>\nLepereg papucs\u00e1n,<br \/>\nLelke megm\u00e1rt\u00f3zik<br \/>\nJ\u00falius mosoly\u00e1ban <\/p>\n<p>S m\u00edg a naptejillat\u00fa d\u00e9lut\u00e1n<br \/>\n\u00dajs\u00e1gj\u00e1t v\u00e9giglapozza,<br \/>\nA strand andal\u00edt\u00f3,<br \/>\nEgybefolyt zaja<br \/>\nMellett lusta<br \/>\n\u00c1lomra<br \/>\nD\u0151l<\/p>\n","protected":false},"excerpt":{"rendered":"<p>A ny\u00e1ri var\u00e1zslatnak Mez\u00edtl\u00e1bas l\u00e9ptei vannak V\u00e9gigcammog A strandon Nedves nyomokat Hagyva maga ut\u00e1n A l\u00e1ngosos b\u00f3d\u00e9 fel\u00e9 Telesz\u00edvja mag\u00e1t Fokhagym\u00e1s-tejf\u00f6l\u00f6s er\u0151vel \u00c9s b\u00e9k\u00e9sen nyugt\u00e1zza A forr\u00f3 napon olvad\u00f3 A reszteltsajt-morzs\u00e1kat H\u0171s\u00edt\u0151 enyh\u00fcl\u00e9st rem\u00e9l A gy\u00f6ngy\u00f6z\u0151 pilzeni \u00c1rny\u00e9k\u00e1ban \u00c1tbaktat a z\u00f6ld gyepen \u00c9s ahogy a k\u00e9kl\u0151 medence Csobban\u00f3 vize Lepereg papucs\u00e1n, Lelke megm\u00e1rt\u00f3zik J\u00falius mosoly\u00e1ban &hellip; <\/p>\n<p class=\"link-more\"><a href=\"https:\/\/anniekucharcik.com\/hu\/2026\/08\/11\/nyari-varazslat\/\" class=\"more-link\"><span class=\"screen-reader-text\">&#8220;Ny\u00e1ri var\u00e1zslat&#8221;<\/span> b\u0151vebben<\/a><\/p>\n","protected":false},"author":1,"featured_media":685,"comment_status":"open","ping_status":"open","sticky":false,"template":"","format":"standard","meta":{"nf_dc_page":"","jetpack_post_was_ever_published":false,"_jetpack_newsletter_access":"","_jetpack_dont_email_post_to_subs":false,"_jetpack_newsletter_tier_id":0,"_jetpack_memberships_contains_paywalled_content":false,"_jetpack_memberships_contains_paid_content":false,"footnotes":"","jetpack_publicize_message":"","jetpack_publicize_feature_enabled":true,"jetpack_social_post_already_shared":true,"jetpack_social_options":{"image_generator_settings":{"template":"highway","enabled":false},"version":2}},"categories":[4],"tags":[12],"class_list":["post-683","post","type-post","status-publish","format-standard","has-post-thumbnail","hentry","category-versek","tag-nyar-anniekucharcik-annika_writes-strand-vers-magyar-hungarian"],"jetpack_publicize_connections":[],"jetpack_featured_media_url":"https:\/\/i0.wp.com\/anniekucharcik.com\/hu\/wp-content\/uploads\/2026\/08\/IMG_2208.jpeg?fit=600%2C600&ssl=1","jetpack_sharing_enabled":true,"jetpack_shortlink":"https:\/\/wp.me\/paskpk-b1","jetpack-related-posts":[],"post_mailing_queue_ids":[],"_links":{"self":[{"href":"https:\/\/anniekucharcik.com\/hu\/wp-json\/wp\/v2\/posts\/683","targetHints":{"allow":["GET"]}}],"collection":[{"href":"https:\/\/anniekucharcik.com\/hu\/wp-json\/wp\/v2\/posts"}],"about":[{"href":"https:\/\/anniekucharcik.com\/hu\/wp-json\/wp\/v2\/types\/post"}],"author":[{"embeddable":true,"href":"https:\/\/anniekucharcik.com\/hu\/wp-json\/wp\/v2\/users\/1"}],"replies":[{"embeddable":true,"href":"https:\/\/anniekucharcik.com\/hu\/wp-json\/wp\/v2\/comments?post=683"}],"version-history":[{"count":1,"href":"https:\/\/anniekucharcik.com\/hu\/wp-json\/wp\/v2\/posts\/683\/revisions"}],"predecessor-version":[{"id":686,"href":"https:\/\/anniekucharcik.com\/hu\/wp-json\/wp\/v2\/posts\/683\/revisions\/686"}],"wp:featuredmedia":[{"embeddable":true,"href":"https:\/\/anniekucharcik.com\/hu\/wp-json\/wp\/v2\/media\/685"}],"wp:attachment":[{"href":"https:\/\/anniekucharcik.com\/hu\/wp-json\/wp\/v2\/media?parent=683"}],"wp:term":[{"taxonomy":"category","embeddable":true,"href":"https:\/\/anniekucharcik.com\/hu\/wp-json\/wp\/v2\/categories?post=683"},{"taxonomy":"post_tag","embeddable":true,"href":"https:\/\/anniekucharcik.com\/hu\/wp-json\/wp\/v2\/tags?post=683"}],"curies":[{"name":"wp","href":"https:\/\/api.w.org\/{rel}","templated":true}]}}