{"id":677,"date":"2026-07-25T20:35:54","date_gmt":"2026-07-26T02:35:54","guid":{"rendered":"https:\/\/anniekucharcik.com\/hu\/?p=677"},"modified":"2026-07-25T20:39:59","modified_gmt":"2026-07-26T02:39:59","slug":"befott","status":"publish","type":"post","link":"https:\/\/anniekucharcik.com\/hu\/2026\/07\/25\/befott\/","title":{"rendered":"Bef\u0151tt"},"content":{"rendered":"<p>F\u00e9nyes ny\u00e1ri gondolatokb\u00f3l<br \/>\nF\u0151z\u00f6k a vil\u00e1gnak bef\u0151ttet<br \/>\nElteszem t\u00e9lire, hogy<br \/>\nKitartson a d\u00edszes rem\u00e9ny<\/p>\n<p>El\u0151veszem majd akkor<br \/>\nAmikor vasalt abroszos<br \/>\n\u00dcnnepi eb\u00e9dre<br \/>\nTer\u00edt asztalt az \u00e9let<\/p>\n<p>Hogy az aranyl\u00f3 leves<br \/>\n\u00d6lel\u00e9s\u00e9ben pihen\u0151<br \/>\nF\u0151tt h\u00fas mell\u00e9<br \/>\nJ\u00faliusi gy\u00fcm\u00f6lcs ned\u0171je<br \/>\nMondjon el egy<br \/>\nMiaty\u00e1nkot \u00e9rt\u00fcnk<\/p>\n<p>\u00c9s a k\u00f6rte cukros lev\u00e9t<br \/>\nGyermekszem\u0171<br \/>\nVas\u00e1rnapi \u00f6r\u00f6mmel<br \/>\n\u00cdzlelhesse meg<br \/>\nA h\u00e9tk\u00f6znapi l\u00e9lek<\/p>\n","protected":false},"excerpt":{"rendered":"<p>F\u00e9nyes ny\u00e1ri gondolatokb\u00f3l F\u0151z\u00f6k a vil\u00e1gnak bef\u0151ttet Elteszem t\u00e9lire, hogy Kitartson a d\u00edszes rem\u00e9ny El\u0151veszem majd akkor Amikor vasalt abroszos \u00dcnnepi eb\u00e9dre Ter\u00edt asztalt az \u00e9let Hogy az aranyl\u00f3 leves \u00d6lel\u00e9s\u00e9ben pihen\u0151 F\u0151tt h\u00fas mell\u00e9 J\u00faliusi gy\u00fcm\u00f6lcs ned\u0171je Mondjon el egy Miaty\u00e1nkot \u00e9rt\u00fcnk \u00c9s a k\u00f6rte cukros lev\u00e9t Gyermekszem\u0171 Vas\u00e1rnapi \u00f6r\u00f6mmel \u00cdzlelhesse meg A h\u00e9tk\u00f6znapi &hellip; <\/p>\n<p class=\"link-more\"><a href=\"https:\/\/anniekucharcik.com\/hu\/2026\/07\/25\/befott\/\" class=\"more-link\"><span class=\"screen-reader-text\">&#8220;Bef\u0151tt&#8221;<\/span> b\u0151vebben<\/a><\/p>\n","protected":false},"author":1,"featured_media":679,"comment_status":"open","ping_status":"open","sticky":false,"template":"","format":"standard","meta":{"nf_dc_page":"","jetpack_post_was_ever_published":false,"_jetpack_newsletter_access":"","_jetpack_dont_email_post_to_subs":false,"_jetpack_newsletter_tier_id":0,"_jetpack_memberships_contains_paywalled_content":false,"_jetpack_memberships_contains_paid_content":false,"footnotes":"","jetpack_publicize_message":"","jetpack_publicize_feature_enabled":true,"jetpack_social_post_already_shared":true,"jetpack_social_options":{"image_generator_settings":{"template":"highway","enabled":false},"version":2}},"categories":[4],"tags":[],"class_list":["post-677","post","type-post","status-publish","format-standard","has-post-thumbnail","hentry","category-versek"],"jetpack_publicize_connections":[],"jetpack_featured_media_url":"https:\/\/i0.wp.com\/anniekucharcik.com\/hu\/wp-content\/uploads\/2026\/07\/IMG_2156.jpeg?fit=800%2C600&ssl=1","jetpack_sharing_enabled":true,"jetpack_shortlink":"https:\/\/wp.me\/saskpk-befott","jetpack-related-posts":[],"post_mailing_queue_ids":[],"_links":{"self":[{"href":"https:\/\/anniekucharcik.com\/hu\/wp-json\/wp\/v2\/posts\/677","targetHints":{"allow":["GET"]}}],"collection":[{"href":"https:\/\/anniekucharcik.com\/hu\/wp-json\/wp\/v2\/posts"}],"about":[{"href":"https:\/\/anniekucharcik.com\/hu\/wp-json\/wp\/v2\/types\/post"}],"author":[{"embeddable":true,"href":"https:\/\/anniekucharcik.com\/hu\/wp-json\/wp\/v2\/users\/1"}],"replies":[{"embeddable":true,"href":"https:\/\/anniekucharcik.com\/hu\/wp-json\/wp\/v2\/comments?post=677"}],"version-history":[{"count":3,"href":"https:\/\/anniekucharcik.com\/hu\/wp-json\/wp\/v2\/posts\/677\/revisions"}],"predecessor-version":[{"id":682,"href":"https:\/\/anniekucharcik.com\/hu\/wp-json\/wp\/v2\/posts\/677\/revisions\/682"}],"wp:featuredmedia":[{"embeddable":true,"href":"https:\/\/anniekucharcik.com\/hu\/wp-json\/wp\/v2\/media\/679"}],"wp:attachment":[{"href":"https:\/\/anniekucharcik.com\/hu\/wp-json\/wp\/v2\/media?parent=677"}],"wp:term":[{"taxonomy":"category","embeddable":true,"href":"https:\/\/anniekucharcik.com\/hu\/wp-json\/wp\/v2\/categories?post=677"},{"taxonomy":"post_tag","embeddable":true,"href":"https:\/\/anniekucharcik.com\/hu\/wp-json\/wp\/v2\/tags?post=677"}],"curies":[{"name":"wp","href":"https:\/\/api.w.org\/{rel}","templated":true}]}}